{"id":2232,"date":"2020-10-08T13:12:06","date_gmt":"2020-10-08T11:12:06","guid":{"rendered":"http:\/\/excento.pl\/e-pionier\/?p=2232"},"modified":"2020-10-08T13:12:10","modified_gmt":"2020-10-08T11:12:10","slug":"powstanie-druga-czesc-prototypowni-protolab-w-gdanskim-parku-naukowo-technologicznym","status":"publish","type":"post","link":"https:\/\/excento.pl\/e-pionier\/powstanie-druga-czesc-prototypowni-protolab-w-gdanskim-parku-naukowo-technologicznym\/","title":{"rendered":"Powstanie druga cz\u0119\u015b\u0107 prototypowni Protolab w Gda\u0144skim Parku Naukowo-Technologicznym"},"content":{"rendered":"\n<p><strong>Sp\u00f3\u0142ka celowa Politechniki Gda\u0144skiej Excento sp. z o. o. oraz Pomorska Specjalna Strefa Ekonomiczna sp. z o. o. podpisa\u0142y umow\u0119 o wsp\u00f3\u0142pracy, na mocy kt\u00f3rej w Gda\u0144skim Parku Naukowo\u2013Technologicznym powstanie prototypownia Protolab II.<\/strong><\/p>\n\n\n\n<p>&#8211; <em>Rozbudowuj\u0105c Protolab we wsp\u00f3\u0142pracy z Pomorsk\u0105 Specjaln\u0105 Stref\u0105 Ekonomiczn\u0105 wsp\u00f3\u0142tworzymy ekosystem przyjazny dla rozwoju nowych technologii i autorskich projekt\u00f3w in\u017cynierskich. Laboratorium Protolab II b\u0119dzie mia\u0142o charakter kompleksowo wyposa\u017conego warsztatu technicznego, umo\u017cliwiaj\u0105cego konstrukcj\u0119 prototyp\u00f3w z wykorzystaniem obr\u00f3bki drewna oraz metali, jak r\u00f3wnie\u017c druku 3D<\/em> \u2013 t\u0142umaczy Krzysztof Malicki Prezes Sp\u00f3\u0142ki Excento.<\/p>\n\n\n\n<p>Jednym z g\u0142\u00f3wnych za\u0142o\u017ce\u0144 funkcjonowania Protolabu jest jego ca\u0142odobowa dost\u0119pno\u015b\u0107 dla u\u017cytkownik\u00f3w, tak b\u0119dzie r\u00f3wnie\u017c w przypadku przestrzeni w GPNT. Po rejestracji z laboratorium korzysta\u0107 b\u0119d\u0105 mogli m.in. studenci i pracownicy naukowi Politechniki Gda\u0144skiej oraz cz\u0142onkowie zespo\u0142\u00f3w interdyscyplinarnych bior\u0105cych udzia\u0142 w projekcie e-Pionier, prowadzonym przez sp\u00f3\u0142k\u0119 Excento.<\/p>\n\n\n\n<p>Wyposa\u017cenie Protolabu II w GPNT jest finansowane z programu e-Pionier II i b\u0119dzie stanowi\u0107 uzupe\u0142nienie do sprz\u0119tu dost\u0119pnego w pierwszym Protolabie zlokalizowanym na terenie Politechniki Gda\u0144skiej. W\u015br\u00f3d sprz\u0119t\u00f3w znajd\u0105 si\u0119 w nim m.in.: tokarka, frezarki, przecinarki czy drukarka FDM. Wykorzystuj\u0105c mo\u017cliwo\u015bci obydwu laboratori\u00f3w u\u017cytkownicy b\u0119d\u0105 mogli samodzielnie np. najpierw stworzy\u0107 podzespo\u0142y, a nast\u0119pnie skonstruowa\u0107 prototyp robota. Drugi Protolab zgodnie z planem ma zosta\u0107 uruchomiony w czwartym kwartale 2020 r. \u00a0<\/p>\n\n\n\n<p>Protolab II b\u0119dzie jednocze\u015bnie cz\u0119\u015bci\u0105 przestrzeni \u201e<em>Spacemaker<\/em>\u201d, kt\u00f3ra powstaje w Gda\u0144skim Parku Naukowo-Technologicznym. &#8211; <em>Spacemaker to nowe miejsce tworzone dla startup\u00f3w, innowacyjnych przedsi\u0119biorstw i wynalazc\u00f3w, kt\u00f3rzy b\u0119d\u0105 mogli realizowa\u0107 swoje nieszablonowe pomys\u0142y na powierzchni 400 m2. Przestrze\u0144 zostanie podzielona na kilka cz\u0119\u015bci, w tym Protolab II, a tak\u017ce Digital Innovation Hub zwi\u0105zany z Przemys\u0142em 4.0, realizowany przez firm\u0119 VoiceLab we wsp\u00f3\u0142pracy ze Stowarzyszeniem Robotyk\u00f3w Skalp oraz boxy, w kt\u00f3rych innowatorzy b\u0119d\u0105 mogli prowadzi\u0107 cz\u0119\u015b\u0107 swoich indywidualnych prac nad prototypami <\/em>\u2013 t\u0142umaczy Przemys\u0142aw Sztandera Prezes Pomorskiej Specjalnej Strefy Ekonomicznej.&nbsp;<\/p>\n\n\n\n<p>W najbli\u017cszych miesi\u0105cach sp\u00f3\u0142ka Excento b\u0119dzie dodatkowo rozbudowywa\u0107 Protolab na terenie Politechniki Gda\u0144skiej o kolejne modu\u0142y tematyczne tj. modu\u0142 dedykowany sztucznej inteligencji (AI), technologiom kosmicznym oraz technologiom rozszerzonej rzeczywisto\u015bci (VR). Zach\u0119camy do \u015bledzenia informacji w mediach spo\u0142eczno\u015bciowych oraz na stronach internetowych uczelni.<\/p>\n","protected":false},"excerpt":{"rendered":"<p>Sp\u00f3\u0142ka celowa Politechniki Gda\u0144skiej Excento sp. z o. o. oraz Pomorska Specjalna Strefa Ekonomiczna sp. z o. o. podpisa\u0142y umow\u0119 o wsp\u00f3\u0142pracy, na mocy kt\u00f3rej w Gda\u0144skim Parku Naukowo\u2013Technologicznym powstanie prototypownia Protolab II. &#8211; Rozbudowuj\u0105c Protolab we wsp\u00f3\u0142pracy z Pomorsk\u0105 Specjaln\u0105 Stref\u0105 Ekonomiczn\u0105 wsp\u00f3\u0142tworzymy ekosystem przyjazny dla rozwoju nowych technologii i autorskich projekt\u00f3w in\u017cynierskich. Laboratorium &hellip;<\/p>\n<p class=\"read-more\"> <a class=\"\" href=\"https:\/\/excento.pl\/e-pionier\/powstanie-druga-czesc-prototypowni-protolab-w-gdanskim-parku-naukowo-technologicznym\/\"> <span class=\"screen-reader-text\">Powstanie druga cz\u0119\u015b\u0107 prototypowni Protolab w Gda\u0144skim Parku Naukowo-Technologicznym<\/span> Czytaj wi\u0119cej \u00bb<\/a><\/p>\n","protected":false},"author":4,"featured_media":2233,"comment_status":"open","ping_status":"open","sticky":false,"template":"","format":"standard","meta":[],"categories":[1],"tags":[],"_links":{"self":[{"href":"https:\/\/excento.pl\/e-pionier\/wp-json\/wp\/v2\/posts\/2232"}],"collection":[{"href":"https:\/\/excento.pl\/e-pionier\/wp-json\/wp\/v2\/posts"}],"about":[{"href":"https:\/\/excento.pl\/e-pionier\/wp-json\/wp\/v2\/types\/post"}],"author":[{"embeddable":true,"href":"https:\/\/excento.pl\/e-pionier\/wp-json\/wp\/v2\/users\/4"}],"replies":[{"embeddable":true,"href":"https:\/\/excento.pl\/e-pionier\/wp-json\/wp\/v2\/comments?post=2232"}],"version-history":[{"count":1,"href":"https:\/\/excento.pl\/e-pionier\/wp-json\/wp\/v2\/posts\/2232\/revisions"}],"predecessor-version":[{"id":2234,"href":"https:\/\/excento.pl\/e-pionier\/wp-json\/wp\/v2\/posts\/2232\/revisions\/2234"}],"wp:featuredmedia":[{"embeddable":true,"href":"https:\/\/excento.pl\/e-pionier\/wp-json\/wp\/v2\/media\/2233"}],"wp:attachment":[{"href":"https:\/\/excento.pl\/e-pionier\/wp-json\/wp\/v2\/media?parent=2232"}],"wp:term":[{"taxonomy":"category","embeddable":true,"href":"https:\/\/excento.pl\/e-pionier\/wp-json\/wp\/v2\/categories?post=2232"},{"taxonomy":"post_tag","embeddable":true,"href":"https:\/\/excento.pl\/e-pionier\/wp-json\/wp\/v2\/tags?post=2232"}],"curies":[{"name":"wp","href":"https:\/\/api.w.org\/{rel}","templated":true}]}}